{"id":9120489,"date":"2023-07-12T17:20:58","date_gmt":"2023-07-12T15:20:58","guid":{"rendered":"https:\/\/singbergschule-woelfersheim.de\/?p=9120489"},"modified":"2023-07-15T17:26:03","modified_gmt":"2023-07-15T15:26:03","slug":"acoustic-music-musiziert-beim-tv-gettenau","status":"publish","type":"post","link":"https:\/\/singbergschule-woelfersheim.de\/?p=9120489","title":{"rendered":"\u201eAcoustic Music\u201c musiziert beim TV Gettenau"},"content":{"rendered":"<div id=\"attachment_9120490\" style=\"width: 916px\" class=\"wp-caption aligncenter\"><img loading=\"lazy\" decoding=\"async\" aria-describedby=\"caption-attachment-9120490\" class=\"wp-image-9120490 size-full\" src=\"https:\/\/singbergschule-woelfersheim.de\/wp-content\/uploads\/DSC06102-k.jpg\" alt=\"\" width=\"906\" height=\"604\" srcset=\"https:\/\/singbergschule-woelfersheim.de\/wp-content\/uploads\/DSC06102-k.jpg 906w, https:\/\/singbergschule-woelfersheim.de\/wp-content\/uploads\/DSC06102-k-300x200.jpg 300w, https:\/\/singbergschule-woelfersheim.de\/wp-content\/uploads\/DSC06102-k-768x512.jpg 768w\" sizes=\"auto, (max-width: 906px) 100vw, 906px\" \/><p id=\"caption-attachment-9120490\" class=\"wp-caption-text\">Foto: Peter M\u00fcller<\/p><\/div>\n<p><strong>\u00a0<\/strong><\/p>\n<p>&nbsp;<\/p>\n<div id=\"attachment_9120491\" style=\"width: 310px\" class=\"wp-caption alignleft\"><img loading=\"lazy\" decoding=\"async\" aria-describedby=\"caption-attachment-9120491\" class=\"wp-image-9120491 size-medium\" src=\"https:\/\/singbergschule-woelfersheim.de\/wp-content\/uploads\/Bardo-und-Andrea-300x400.jpg\" alt=\"\" width=\"300\" height=\"400\" srcset=\"https:\/\/singbergschule-woelfersheim.de\/wp-content\/uploads\/Bardo-und-Andrea-300x400.jpg 300w, https:\/\/singbergschule-woelfersheim.de\/wp-content\/uploads\/Bardo-und-Andrea-768x1024.jpg 768w, https:\/\/singbergschule-woelfersheim.de\/wp-content\/uploads\/Bardo-und-Andrea-1152x1536.jpg 1152w, https:\/\/singbergschule-woelfersheim.de\/wp-content\/uploads\/Bardo-und-Andrea.jpg 1200w\" sizes=\"auto, (max-width: 300px) 100vw, 300px\" \/><p id=\"caption-attachment-9120491\" class=\"wp-caption-text\">Andrea Reinelt und Bardo Langsdorf &#8211; unerm\u00fcdlich auch an freien Tagen f\u00fcr die Musik unterwegs<\/p><\/div>\n<p>Einen ganz besonderen Auftritt hatte \u201eAcoustic Music\u201c am 08.06. (Feiertag!) beim Festkommers anl\u00e4sslich des 125-j\u00e4higen Jubil\u00e4ums des TV Gettenau.<\/p>\n<p>\u201eAcoustic Music\u201c begeisterte dort mit vier Songs, die im Laufe des Schuljahres einge\u00fcbt worden waren. Die Leitung hatte Frau Reinelt. Herr Langsdorf bediente das technische Equipment und sorgte so f\u00fcr den guten Gesamtklang.<\/p>\n<p>Rhythmisches Mitklatschen und viel Applaus der Zuschauer waren der Lohn f\u00fcr einen gelungen Auftritt von \u201eAcoustic Music\u201c.<\/p>\n<p>&nbsp;<\/p>\n<p>&nbsp;<\/p>\n<p>&nbsp;<\/p>\n<p>&nbsp;<\/p>\n<p>&nbsp;<\/p>\n<p style=\"text-align: left;\"><u>Die Mitwirkenden:<\/u><\/p>\n<p>Emilie Berg (Gitarre),<\/p>\n<p>Yannic Doppel (Schlagzeug und Percussion),<\/p>\n<p>Moritz Euler (Gitarre),<\/p>\n<p>Niklas Faust (E-Gitarre),<\/p>\n<p>Chloe Hensel (Gesang),<\/p>\n<p>Max Metz (Schlagzeug und Percussion),<\/p>\n<p>Neda Pijovi\u0107 (Gesang),<\/p>\n<p>Larissa Sebald (Gesang),<\/p>\n<p>Melanie Spandau (Gitarre)<\/p>\n<p>Konstantin Tr\u00f6strum (Keyboard)<\/p>\n<p>Lilia Waldheim (E-Bass)<\/p>\n<p>Frederic Wallesch (Schlagzeug und Percussion)<\/p>\n<p>&nbsp;<\/p>\n<p>&nbsp;<\/p>\n","protected":false},"excerpt":{"rendered":"<p>\u00a0 &nbsp; Einen ganz besonderen Auftritt hatte \u201eAcoustic Music\u201c am 08.06. (Feiertag!) beim Festkommers anl\u00e4sslich des 125-j\u00e4higen Jubil\u00e4ums des TV Gettenau. \u201eAcoustic Music\u201c begeisterte dort mit vier Songs, die im Laufe des Schuljahres einge\u00fcbt worden waren. Die Leitung hatte Frau Reinelt. Herr Langsdorf bediente das technische Equipment und sorgte so f\u00fcr den guten Gesamtklang. Rhythmisches Mitklatschen und viel Applaus der Zuschauer waren der Lohn f\u00fcr einen gelungen Auftritt von \u201eAcoustic Music\u201c. &nbsp; &nbsp; &nbsp; &nbsp; &nbsp; Die Mitwirkenden: Emilie Berg (Gitarre), Yannic Doppel (Schlagzeug und Percussion), Moritz Euler (Gitarre), Niklas Faust (E-Gitarre), Chloe Hensel (Gesang), Max Metz (Schlagzeug und Percussion), Neda Pijovi\u0107 (Gesang), Larissa Sebald (Gesang), Melanie Spandau (Gitarre) Konstantin Tr\u00f6strum (Keyboard) Lilia Waldheim (E-Bass) Frederic Wallesch (Schlagzeug und Percussion) &nbsp; &nbsp;<\/p>\n","protected":false},"author":70,"featured_media":9120490,"comment_status":"closed","ping_status":"closed","sticky":false,"template":"","format":"standard","meta":{"footnotes":""},"categories":[1,143,142,144,5,96,890,105],"tags":[1046,1249],"class_list":["post-9120489","post","type-post","status-publish","format-standard","has-post-thumbnail","hentry","category-allgemein","category-foerderstufe","category-gymnasium","category-hr-zweig","category-news","category-musikereignis","category-presse","category-projekte","tag-acoustic-music","tag-tv-gettenau"],"_links":{"self":[{"href":"https:\/\/singbergschule-woelfersheim.de\/index.php?rest_route=\/wp\/v2\/posts\/9120489","targetHints":{"allow":["GET"]}}],"collection":[{"href":"https:\/\/singbergschule-woelfersheim.de\/index.php?rest_route=\/wp\/v2\/posts"}],"about":[{"href":"https:\/\/singbergschule-woelfersheim.de\/index.php?rest_route=\/wp\/v2\/types\/post"}],"author":[{"embeddable":true,"href":"https:\/\/singbergschule-woelfersheim.de\/index.php?rest_route=\/wp\/v2\/users\/70"}],"replies":[{"embeddable":true,"href":"https:\/\/singbergschule-woelfersheim.de\/index.php?rest_route=%2Fwp%2Fv2%2Fcomments&post=9120489"}],"version-history":[{"count":6,"href":"https:\/\/singbergschule-woelfersheim.de\/index.php?rest_route=\/wp\/v2\/posts\/9120489\/revisions"}],"predecessor-version":[{"id":9120497,"href":"https:\/\/singbergschule-woelfersheim.de\/index.php?rest_route=\/wp\/v2\/posts\/9120489\/revisions\/9120497"}],"wp:featuredmedia":[{"embeddable":true,"href":"https:\/\/singbergschule-woelfersheim.de\/index.php?rest_route=\/wp\/v2\/media\/9120490"}],"wp:attachment":[{"href":"https:\/\/singbergschule-woelfersheim.de\/index.php?rest_route=%2Fwp%2Fv2%2Fmedia&parent=9120489"}],"wp:term":[{"taxonomy":"category","embeddable":true,"href":"https:\/\/singbergschule-woelfersheim.de\/index.php?rest_route=%2Fwp%2Fv2%2Fcategories&post=9120489"},{"taxonomy":"post_tag","embeddable":true,"href":"https:\/\/singbergschule-woelfersheim.de\/index.php?rest_route=%2Fwp%2Fv2%2Ftags&post=9120489"}],"curies":[{"name":"wp","href":"https:\/\/api.w.org\/{rel}","templated":true}]}}