{"id":11107600,"date":"2024-03-12T20:41:30","date_gmt":"2024-03-12T19:41:30","guid":{"rendered":"https:\/\/singbergschule-woelfersheim.de\/?p=11107600"},"modified":"2024-03-13T08:14:42","modified_gmt":"2024-03-13T07:14:42","slug":"singbergschule-erfolgreich-im-gruppen-und-einzelwettbewerb-am-tag-der-mathematik","status":"publish","type":"post","link":"https:\/\/singbergschule-woelfersheim.de\/?p=11107600","title":{"rendered":"Singbergschule erfolgreich im Gruppen- und Einzelwettbewerb am Tag der Mathematik"},"content":{"rendered":"<div id=\"attachment_11107599\" style=\"width: 310px\" class=\"wp-caption alignleft\"><img loading=\"lazy\" decoding=\"async\" aria-describedby=\"caption-attachment-11107599\" class=\"wp-image-11107599 size-medium\" src=\"https:\/\/singbergschule-woelfersheim.de\/wp-content\/uploads\/Tag-der-Mathematik0003-300x184.jpg\" alt=\"\" width=\"300\" height=\"184\" srcset=\"https:\/\/singbergschule-woelfersheim.de\/wp-content\/uploads\/Tag-der-Mathematik0003-300x184.jpg 300w, https:\/\/singbergschule-woelfersheim.de\/wp-content\/uploads\/Tag-der-Mathematik0003-1200x737.jpg 1200w, https:\/\/singbergschule-woelfersheim.de\/wp-content\/uploads\/Tag-der-Mathematik0003-768x472.jpg 768w, https:\/\/singbergschule-woelfersheim.de\/wp-content\/uploads\/Tag-der-Mathematik0003.jpg 1268w\" sizes=\"auto, (max-width: 300px) 100vw, 300px\" \/><p id=\"caption-attachment-11107599\" class=\"wp-caption-text\">Das Team \u201eHonte hoch 5\u201c beim ersten Gruppenwettbewerb &#8230;<\/p><\/div>\n<p>Schon eine kleine Tradition ist die Teilnahme der Singbergschule W\u00f6lfersheim an dem vom Zentrum f\u00fcr Mathematik ausgerichteten Tag der Mathematik. Hierzu entsandte sie am vergangenen Samstag ein f\u00fcnfk\u00f6pfiges Team des Leistungskurses 12 mit ihrem Mathematik-Lehrer Thomas Wilhelm Schwarzer nach Wetzlar, um sich in der dortigen Stadthalle mit drei Dutzend weiteren Gruppen mittelhessischer Schulen zu messen.<\/p>\n<p>W\u00e4hrend die Lehrkr\u00e4fte auf einer Fortbildung mit dem Titel \u201eMit dem IQB-Rechner im Abitur?\u201c den Sinn des Verbots der bisher fl\u00e4chendeckend eingesetzten Wissenschaftlichen Taschenrechner ab dem Abitur 2030 intensiv diskutierten, absolvierten die Sch\u00fcler einen anspruchsvollen dreiteiligen Wettbewerb:<\/p>\n<div id=\"attachment_11107596\" style=\"width: 310px\" class=\"wp-caption alignleft\"><img loading=\"lazy\" decoding=\"async\" aria-describedby=\"caption-attachment-11107596\" class=\"wp-image-11107596 size-medium\" src=\"https:\/\/singbergschule-woelfersheim.de\/wp-content\/uploads\/Tag-der-Mathematik0000-300x207.jpg\" alt=\"\" width=\"300\" height=\"207\" srcset=\"https:\/\/singbergschule-woelfersheim.de\/wp-content\/uploads\/Tag-der-Mathematik0000-300x207.jpg 300w, https:\/\/singbergschule-woelfersheim.de\/wp-content\/uploads\/Tag-der-Mathematik0000-768x530.jpg 768w, https:\/\/singbergschule-woelfersheim.de\/wp-content\/uploads\/Tag-der-Mathematik0000.jpg 983w\" sizes=\"auto, (max-width: 300px) 100vw, 300px\" \/><p id=\"caption-attachment-11107596\" class=\"wp-caption-text\">&#8230; und beim H\u00fcrdenwettbewerb.<\/p><\/div>\n<p>Im ersten Teil mussten sie als Gruppe gemeinsam vier Aufgaben l\u00f6sen. Im zweiten Teil trat jedes Teammitglied einzeln an und musste ebenfalls vier Aufgaben l\u00f6sen. Nach einer Pause mit Mittagessen folgte der dritte Teil, n\u00e4mlich ein geistiger H\u00fcrdenlauf, bei dem das Team gewinnt, welches in der vorgegebenen Zeit die meisten Aufgaben richtig gel\u00f6st hat.<\/p>\n<p>Nach der vor Ort zeitgleich erfolgten Korrektur er\u00f6ffnete Friedel Fiedler, Leiter des Mathematik-Zentrums Wetzlar, die mit Spannung erwartete Siegerehrung:<\/p>\n<p>Bei der Auswertung der beiden in diesem Jahr \u00e4u\u00dferst schwierigen Teamwettbewerbe zeigte sich die jahrelange gute Zusammenarbeit des Singberg-Teams \u201eHonte hoch 5\u201c, bestehend aus Alicia Dauernheim, Jeannine Frederike Herdt, Tim Benedict Sch\u00e4fer, Romy Stoll und Lea Suschynskyj: Es gelangte mit den H\u00fcrden auf einen sehr guten 6. Platz, wobei sie im eigentlichen Gruppenwettbewerb sogar einen 4. Platz erreichten.<\/p>\n<p>Im Einzelwettbewerb konnte sich Lea Suschynskyj als beste Singbergsch\u00fclerin erfolgreich einen hervorragenden 4. Platz erk\u00e4mpfen, bei fast 150 teilnehmenden Sch\u00fclern insgesamt. Sie gewann damit auch ein hochwertiges Stipendium f\u00fcr die zu Beginn der Sommerferien stattfindende Modellierungswoche f\u00fcr besonders begabte Sch\u00fclerinnen und Sch\u00fcler, bei der diese in Teamarbeit eine Woche lang ein praktisches Problem unter wissenschaftlicher Begleitung l\u00f6sen m\u00fcssen.<\/p>\n<p>F\u00fcr diese Leistungen wurden ihnen von Dirk Fredl aus dem Staatlichen Schulamt f\u00fcr den Lahn-Dill-Kreis Siegerurkunden und Sachpreise \u00fcberreicht.<\/p>\n<div id=\"attachment_11107598\" style=\"width: 991px\" class=\"wp-caption aligncenter\"><img loading=\"lazy\" decoding=\"async\" aria-describedby=\"caption-attachment-11107598\" class=\"wp-image-11107598 size-full\" src=\"https:\/\/singbergschule-woelfersheim.de\/wp-content\/uploads\/Tag-der-Mathematik0002.jpg\" alt=\"\" width=\"981\" height=\"706\" srcset=\"https:\/\/singbergschule-woelfersheim.de\/wp-content\/uploads\/Tag-der-Mathematik0002.jpg 981w, https:\/\/singbergschule-woelfersheim.de\/wp-content\/uploads\/Tag-der-Mathematik0002-300x216.jpg 300w, https:\/\/singbergschule-woelfersheim.de\/wp-content\/uploads\/Tag-der-Mathematik0002-768x553.jpg 768w\" sizes=\"auto, (max-width: 981px) 100vw, 981px\" \/><p id=\"caption-attachment-11107598\" class=\"wp-caption-text\">Platz 4 im Einzelwettbewerb f\u00fcr Lea Suschynskyj, links Friedel Fiedler, Standortprojektleiter des Zentrums f\u00fcr Mathematik, rechts Dirk Fredl vom Staatlichen Schulamt des Lahn-Dill-Kreises<\/p><\/div>\n<div id=\"attachment_11107597\" style=\"width: 1063px\" class=\"wp-caption aligncenter\"><img loading=\"lazy\" decoding=\"async\" aria-describedby=\"caption-attachment-11107597\" class=\"wp-image-11107597 size-full\" src=\"https:\/\/singbergschule-woelfersheim.de\/wp-content\/uploads\/Tag-der-Mathematik0001.jpg\" alt=\"\" width=\"1053\" height=\"823\" srcset=\"https:\/\/singbergschule-woelfersheim.de\/wp-content\/uploads\/Tag-der-Mathematik0001.jpg 1053w, https:\/\/singbergschule-woelfersheim.de\/wp-content\/uploads\/Tag-der-Mathematik0001-300x234.jpg 300w, https:\/\/singbergschule-woelfersheim.de\/wp-content\/uploads\/Tag-der-Mathematik0001-768x600.jpg 768w\" sizes=\"auto, (max-width: 1053px) 100vw, 1053px\" \/><p id=\"caption-attachment-11107597\" class=\"wp-caption-text\">Platz 6 im Gruppenwettbewerb f\u00fcr die Singbergschule<\/p><\/div>\n<p>&nbsp;<\/p>\n<p>&nbsp;<\/p>\n<p>&nbsp;<\/p>\n","protected":false},"excerpt":{"rendered":"<p>Schon eine kleine Tradition ist die Teilnahme der Singbergschule W\u00f6lfersheim an dem vom Zentrum f\u00fcr Mathematik ausgerichteten Tag der Mathematik. Hierzu entsandte sie am vergangenen Samstag ein f\u00fcnfk\u00f6pfiges Team des Leistungskurses 12 mit ihrem Mathematik-Lehrer Thomas Wilhelm Schwarzer nach Wetzlar, um sich in der dortigen Stadthalle mit drei Dutzend weiteren Gruppen mittelhessischer Schulen zu messen. W\u00e4hrend die Lehrkr\u00e4fte auf einer Fortbildung mit dem Titel \u201eMit dem IQB-Rechner im Abitur?\u201c den Sinn des Verbots der bisher fl\u00e4chendeckend eingesetzten Wissenschaftlichen Taschenrechner ab dem Abitur 2030 intensiv diskutierten, absolvierten die Sch\u00fcler einen anspruchsvollen dreiteiligen Wettbewerb: Im ersten Teil mussten sie als Gruppe gemeinsam vier Aufgaben l\u00f6sen. Im zweiten Teil trat jedes Teammitglied einzeln an und musste ebenfalls vier Aufgaben l\u00f6sen. Nach einer Pause mit Mittagessen folgte der dritte Teil, n\u00e4mlich ein geistiger H\u00fcrdenlauf, bei dem das Team gewinnt, welches in der vorgegebenen Zeit die meisten Aufgaben richtig gel\u00f6st hat. Nach der vor Ort zeitgleich erfolgten Korrektur er\u00f6ffnete Friedel Fiedler, Leiter des Mathematik-Zentrums Wetzlar, die mit Spannung erwartete Siegerehrung: Bei der Auswertung der beiden in diesem Jahr \u00e4u\u00dferst schwierigen Teamwettbewerbe zeigte sich die jahrelange gute Zusammenarbeit des Singberg-Teams \u201eHonte hoch 5\u201c, bestehend aus Alicia Dauernheim, Jeannine Frederike Herdt, Tim Benedict Sch\u00e4fer, Romy Stoll und Lea Suschynskyj: Es gelangte mit den H\u00fcrden auf einen sehr guten 6. Platz, wobei sie im eigentlichen Gruppenwettbewerb sogar einen 4. Platz erreichten. Im Einzelwettbewerb konnte sich Lea Suschynskyj als beste Singbergsch\u00fclerin erfolgreich einen hervorragenden 4. Platz erk\u00e4mpfen, bei fast 150 teilnehmenden Sch\u00fclern insgesamt. Sie gewann damit auch ein hochwertiges Stipendium f\u00fcr die zu Beginn der Sommerferien stattfindende Modellierungswoche f\u00fcr besonders begabte Sch\u00fclerinnen und Sch\u00fcler, bei der diese in Teamarbeit eine Woche lang ein praktisches Problem unter wissenschaftlicher Begleitung l\u00f6sen m\u00fcssen. F\u00fcr diese Leistungen wurden ihnen von Dirk Fredl aus dem Staatlichen Schulamt f\u00fcr den Lahn-Dill-Kreis Siegerurkunden und Sachpreise \u00fcberreicht. &nbsp; &nbsp; &nbsp;<\/p>\n","protected":false},"author":70,"featured_media":11107597,"comment_status":"closed","ping_status":"closed","sticky":false,"template":"","format":"standard","meta":{"footnotes":""},"categories":[880,1243,142,5,121,127],"tags":[228,260,374],"class_list":["post-11107600","post","type-post","status-publish","format-standard","has-post-thumbnail","hentry","category-abitur","category-ergebnisgalerie","category-gymnasium","category-news","category-mathematik","category-oberstufe","tag-mathe","tag-siegerehrung","tag-tag-der-mathematik"],"_links":{"self":[{"href":"https:\/\/singbergschule-woelfersheim.de\/index.php?rest_route=\/wp\/v2\/posts\/11107600","targetHints":{"allow":["GET"]}}],"collection":[{"href":"https:\/\/singbergschule-woelfersheim.de\/index.php?rest_route=\/wp\/v2\/posts"}],"about":[{"href":"https:\/\/singbergschule-woelfersheim.de\/index.php?rest_route=\/wp\/v2\/types\/post"}],"author":[{"embeddable":true,"href":"https:\/\/singbergschule-woelfersheim.de\/index.php?rest_route=\/wp\/v2\/users\/70"}],"replies":[{"embeddable":true,"href":"https:\/\/singbergschule-woelfersheim.de\/index.php?rest_route=%2Fwp%2Fv2%2Fcomments&post=11107600"}],"version-history":[{"count":4,"href":"https:\/\/singbergschule-woelfersheim.de\/index.php?rest_route=\/wp\/v2\/posts\/11107600\/revisions"}],"predecessor-version":[{"id":11110537,"href":"https:\/\/singbergschule-woelfersheim.de\/index.php?rest_route=\/wp\/v2\/posts\/11107600\/revisions\/11110537"}],"wp:featuredmedia":[{"embeddable":true,"href":"https:\/\/singbergschule-woelfersheim.de\/index.php?rest_route=\/wp\/v2\/media\/11107597"}],"wp:attachment":[{"href":"https:\/\/singbergschule-woelfersheim.de\/index.php?rest_route=%2Fwp%2Fv2%2Fmedia&parent=11107600"}],"wp:term":[{"taxonomy":"category","embeddable":true,"href":"https:\/\/singbergschule-woelfersheim.de\/index.php?rest_route=%2Fwp%2Fv2%2Fcategories&post=11107600"},{"taxonomy":"post_tag","embeddable":true,"href":"https:\/\/singbergschule-woelfersheim.de\/index.php?rest_route=%2Fwp%2Fv2%2Ftags&post=11107600"}],"curies":[{"name":"wp","href":"https:\/\/api.w.org\/{rel}","templated":true}]}}